{"id":9960,"date":"2025-02-20T21:27:44","date_gmt":"2025-02-20T21:27:44","guid":{"rendered":"https:\/\/costacoronado.mx\/turismo\/?p=9960"},"modified":"2025-06-03T18:30:49","modified_gmt":"2025-06-03T18:30:49","slug":"aforo_vehicular_carreteras_baja_california","status":"publish","type":"post","link":"https:\/\/costacoronado.mx\/turismo\/aforo_vehicular_carreteras_baja_california\/","title":{"rendered":"Aforo vehicular en las carreteras de Baja California"},"content":{"rendered":"\t\t<div data-elementor-type=\"wp-post\" data-elementor-id=\"9960\" class=\"elementor elementor-9960\" data-elementor-post-type=\"post\">\n\t\t\t\t<div class=\"elementor-element elementor-element-b644de4 e-flex e-con-boxed e-con e-parent\" data-id=\"b644de4\" data-element_type=\"container\">\n\t\t\t\t\t<div class=\"e-con-inner\">\n\t\t\t\t<div class=\"elementor-element elementor-element-153291b elementor-widget elementor-widget-shortcode\" data-id=\"153291b\" data-element_type=\"widget\" data-widget_type=\"shortcode.default\">\n\t\t\t\t<div class=\"elementor-widget-container\">\n\t\t\t\t\t<div class=\"elementor-shortcode\"><div class=\"flourish-embed\" data-src=\"story\/2920896\"><script src=\"https:\/\/public.flourish.studio\/resources\/embed.js\"><\/script><noscript><img decoding=\"async\" src=\"https:\/\/public.flourish.studio\/story\/2920896\/thumbnail\" width=\"100%\" alt=\"visualization\" \/><\/noscript><\/div><\/div>\n\t\t\t\t<\/div>\n\t\t\t\t<\/div>\n\t\t\t\t\t<\/div>\n\t\t\t\t<\/div>\n\t\t<div class=\"elementor-element elementor-element-9f5f954 e-flex e-con-boxed e-con e-parent\" data-id=\"9f5f954\" data-element_type=\"container\">\n\t\t\t\t\t<div class=\"e-con-inner\">\n\t\t\t\t<div class=\"elementor-element elementor-element-ccb23db e-n-tabs-mobile elementor-widget elementor-widget-n-tabs\" data-id=\"ccb23db\" data-element_type=\"widget\" data-settings=\"{&quot;horizontal_scroll&quot;:&quot;disable&quot;}\" data-widget_type=\"nested-tabs.default\">\n\t\t\t\t<div class=\"elementor-widget-container\">\n\t\t\t\t\t<div class=\"e-n-tabs\" data-widget-number=\"214639579\" aria-label=\"Pesta\u00f1as. Abre elementos con Intro o Espacio, ci\u00e9rralos con Escape y navega con las fechas.\">\n\t\t\t<div class=\"e-n-tabs-heading\" role=\"tablist\">\n\t\t\t\t\t<button id=\"e-n-tab-title-2146395791\" class=\"e-n-tab-title\" aria-selected=\"true\" data-tab-index=\"1\" role=\"tab\" tabindex=\"0\" aria-controls=\"e-n-tab-content-2146395791\" style=\"--n-tabs-title-order: 1;\">\n\t\t\t\t\t\t<span class=\"e-n-tab-title-text\">\n\t\t\t\tFicha t\u00e9cnica\t\t\t<\/span>\n\t\t<\/button>\n\t\t\t\t<button id=\"e-n-tab-title-2146395792\" class=\"e-n-tab-title\" aria-selected=\"false\" data-tab-index=\"2\" role=\"tab\" tabindex=\"-1\" aria-controls=\"e-n-tab-content-2146395792\" style=\"--n-tabs-title-order: 2;\">\n\t\t\t\t\t\t<span class=\"e-n-tab-title-text\">\n\t\t\t\tDescargar datos\t\t\t<\/span>\n\t\t<\/button>\n\t\t\t\t\t<\/div>\n\t\t\t<div class=\"e-n-tabs-content\">\n\t\t\t\t<div id=\"e-n-tab-content-2146395791\" role=\"tabpanel\" aria-labelledby=\"e-n-tab-title-2146395791\" data-tab-index=\"1\" style=\"--n-tabs-title-order: 1;\" class=\"e-active elementor-element elementor-element-7b35d17 e-con-full e-flex e-con e-child\" data-id=\"7b35d17\" data-element_type=\"container\">\n\t\t\t\t<div class=\"elementor-element elementor-element-1399fc9 elementor-widget elementor-widget-text-editor\" data-id=\"1399fc9\" data-element_type=\"widget\" data-widget_type=\"text-editor.default\">\n\t\t\t\t<div class=\"elementor-widget-container\">\n\t\t\t\t\t\t\t<table><tbody><tr><td><span style=\"font-weight: 400;\">\u00c1rea tem\u00e1tica<\/span><\/td><td><span style=\"font-weight: 400;\">Estacionalidad tur\u00edstica<\/span><\/td><td><p><span style=\"font-weight: 400;\">Indicador<\/span><\/p><p><span style=\"font-weight: 400;\">OTBC-AETT-01<\/span><\/p><\/td><td><strong>Aforo vehicular en las carreteras de Baja California<\/strong><\/td><\/tr><tr><td><span style=\"font-weight: 400;\">Subtema\u00a0<\/span><\/td><td>Transportaci\u00f3n terrestre<\/td><td><span style=\"font-weight: 400;\">Per\u00edodo\u00a0<\/span><\/td><td><span style=\"font-weight: 400;\">2014-2024<\/span><\/td><\/tr><tr><td><span style=\"font-weight: 400;\">Definici\u00f3n\u00a0<\/span><\/td><td colspan=\"3\">N\u00famero total de veh\u00edculos que transitan por la carretera esc\u00e9nica Tijuana-Ensenada y carretera Tijuana-Mexicali.<\/td><\/tr><tr><td><span style=\"font-weight: 400;\">F\u00f3rmula<\/span><\/td><td colspan=\"3\"><p>VP<sub>t,t+1<\/sub> = ((V<sub>t+1<\/sub> \u2013 VA<sub>t<\/sub>) \/V<sub>t<\/sub>) x 100<\/p><\/td><\/tr><tr><td><span style=\"font-weight: 400;\">Definici\u00f3n de <\/span><span style=\"font-weight: 400;\">variables<\/span><\/td><td colspan=\"3\"><p><span style=\"font-size: 18px;\">V<\/span><sub>t<\/sub>: Veh\u00edculos registrados en el a\u00f1o <i>t\u00a0<\/i><\/p><p>A<sub>t<\/sub>: A\u00f1o\u00a0<i>t<\/i><\/p><p>VP<sub>t,t+1<\/sub>: Variaci\u00f3n porcentual entre el a\u00f1o<em>\u00a0t\u00a0<\/em>y el a\u00f1o\u00a0<em>t+1<\/em><\/p><\/td><\/tr><tr><td><span style=\"font-weight: 400;\">Cobertura<\/span><\/td><td colspan=\"3\">Incluye el total de aforo vehicular de carretera esc\u00e9nica Tijuana-Ensenada y carretera Tijuana-Mexicali.<\/td><\/tr><tr><td><span style=\"font-weight: 400;\">Fuente de informaci\u00f3n<\/span><\/td><td colspan=\"3\"><span style=\"font-weight: 400;\">Caminos y Puentes Federales de Ingresos y Servicios Conexos, Baja California; Fideicomiso P\u00fablico de Administraci\u00f3n de Fondos e Inversi\u00f3n del Tramo Carretero Centinela-La Rumorosa (2024).<\/span><\/td><\/tr><tr><td><span style=\"font-weight: 400;\">Objetivos de desarrollo sostenible<\/span><\/td><td colspan=\"3\">\u00a0 <img decoding=\"async\" class=\"alignnone size-full wp-image-9688\" src=\"https:\/\/costacoronado.mx\/turismo\/wp-content\/uploads\/2025\/02\/8-trabajo-decente-e1739388461589.png\" alt=\"\" width=\"122\" height=\"130\" \/><\/td><\/tr><\/tbody><\/table>\t\t\t\t\t\t<\/div>\n\t\t\t\t<\/div>\n\t\t\t\t<\/div>\n\t\t<div id=\"e-n-tab-content-2146395792\" role=\"tabpanel\" aria-labelledby=\"e-n-tab-title-2146395792\" data-tab-index=\"2\" style=\"--n-tabs-title-order: 2;\" class=\" elementor-element elementor-element-dadf14e e-flex e-con-boxed e-con e-child\" data-id=\"dadf14e\" data-element_type=\"container\">\n\t\t\t\t\t<div class=\"e-con-inner\">\n\t\t\t\t<div class=\"elementor-element elementor-element-8c4714b elementor-widget elementor-widget-button\" data-id=\"8c4714b\" data-element_type=\"widget\" data-widget_type=\"button.default\">\n\t\t\t\t<div class=\"elementor-widget-container\">\n\t\t\t\t\t<div class=\"elementor-button-wrapper\">\n\t\t\t<a class=\"elementor-button elementor-button-link elementor-size-sm\" href=\"https:\/\/observaturbc.com\/Indicadores\/afluencia_estacionalidad\/terrestre\/OTBC-AETT-01%20Aforo%20vehicular%20en%20Baja%20California.xlsx\">\n\t\t\t\t\t\t<span class=\"elementor-button-content-wrapper\">\n\t\t\t\t\t\t<span class=\"elementor-button-icon\">\n\t\t\t\t<svg aria-hidden=\"true\" class=\"e-font-icon-svg e-fas-file-download\" viewBox=\"0 0 384 512\" xmlns=\"http:\/\/www.w3.org\/2000\/svg\"><path d=\"M224 136V0H24C10.7 0 0 10.7 0 24v464c0 13.3 10.7 24 24 24h336c13.3 0 24-10.7 24-24V160H248c-13.2 0-24-10.8-24-24zm76.45 211.36l-96.42 95.7c-6.65 6.61-17.39 6.61-24.04 0l-96.42-95.7C73.42 337.29 80.54 320 94.82 320H160v-80c0-8.84 7.16-16 16-16h32c8.84 0 16 7.16 16 16v80h65.18c14.28 0 21.4 17.29 11.27 27.36zM377 105L279.1 7c-4.5-4.5-10.6-7-17-7H256v128h128v-6.1c0-6.3-2.5-12.4-7-16.9z\"><\/path><\/svg>\t\t\t<\/span>\n\t\t\t\t\t\t\t\t\t<span class=\"elementor-button-text\">Descargar archivo<\/span>\n\t\t\t\t\t<\/span>\n\t\t\t\t\t<\/a>\n\t\t<\/div>\n\t\t\t\t<\/div>\n\t\t\t\t<\/div>\n\t\t\t\t\t<\/div>\n\t\t\t\t<\/div>\n\t\t\t\t\t<\/div>\n\t\t<\/div>\n\t\t\t\t<\/div>\n\t\t\t\t<\/div>\n\t\t\t\t\t<\/div>\n\t\t\t\t<\/div>\n\t\t\t\t<\/div>\n\t\t","protected":false},"excerpt":{"rendered":"<p>Ficha t\u00e9cnica Descargar datos \u00c1rea tem\u00e1tica Estacionalidad tur\u00edstica Indicador OTBC-AETT-01 Aforo vehicular en las carreteras de Baja California Subtema\u00a0 Transportaci\u00f3n terrestre Per\u00edodo\u00a0 2014-2024 Definici\u00f3n\u00a0 N\u00famero total de veh\u00edculos que transitan por la carretera esc\u00e9nica Tijuana-Ensenada y carretera Tijuana-Mexicali. F\u00f3rmula VPt,t+1 = ((Vt+1 \u2013 VAt) \/Vt) x 100 Definici\u00f3n de variables Vt: Veh\u00edculos registrados en el [&hellip;]<\/p>\n","protected":false},"author":2,"featured_media":0,"comment_status":"closed","ping_status":"open","sticky":false,"template":"elementor_header_footer","format":"standard","meta":{"footnotes":""},"categories":[109,113],"tags":[],"class_list":["post-9960","post","type-post","status-publish","format-standard","hentry","category-indicadores","category-transportacion-terrestre"],"_links":{"self":[{"href":"https:\/\/costacoronado.mx\/turismo\/wp-json\/wp\/v2\/posts\/9960","targetHints":{"allow":["GET"]}}],"collection":[{"href":"https:\/\/costacoronado.mx\/turismo\/wp-json\/wp\/v2\/posts"}],"about":[{"href":"https:\/\/costacoronado.mx\/turismo\/wp-json\/wp\/v2\/types\/post"}],"author":[{"embeddable":true,"href":"https:\/\/costacoronado.mx\/turismo\/wp-json\/wp\/v2\/users\/2"}],"replies":[{"embeddable":true,"href":"https:\/\/costacoronado.mx\/turismo\/wp-json\/wp\/v2\/comments?post=9960"}],"version-history":[{"count":29,"href":"https:\/\/costacoronado.mx\/turismo\/wp-json\/wp\/v2\/posts\/9960\/revisions"}],"predecessor-version":[{"id":10421,"href":"https:\/\/costacoronado.mx\/turismo\/wp-json\/wp\/v2\/posts\/9960\/revisions\/10421"}],"wp:attachment":[{"href":"https:\/\/costacoronado.mx\/turismo\/wp-json\/wp\/v2\/media?parent=9960"}],"wp:term":[{"taxonomy":"category","embeddable":true,"href":"https:\/\/costacoronado.mx\/turismo\/wp-json\/wp\/v2\/categories?post=9960"},{"taxonomy":"post_tag","embeddable":true,"href":"https:\/\/costacoronado.mx\/turismo\/wp-json\/wp\/v2\/tags?post=9960"}],"curies":[{"name":"wp","href":"https:\/\/api.w.org\/{rel}","templated":true}]}}